{"id":5007,"date":"2026-03-09T13:21:07","date_gmt":"2026-03-09T13:21:07","guid":{"rendered":"https:\/\/campoalto.edu.py\/sitio\/?p=5007"},"modified":"2026-03-09T13:21:08","modified_gmt":"2026-03-09T13:21:08","slug":"una-familia-que-crecio-junto-al-colegio","status":"publish","type":"post","link":"https:\/\/campoalto.edu.py\/sitio\/2026\/03\/09\/una-familia-que-crecio-junto-al-colegio\/","title":{"rendered":"Una familia que creci\u00f3 junto al colegio"},"content":{"rendered":"\n<p><\/p>\n\n\n\n<p>Cuando el Dr. Elio Mar\u00edn recuerda los primeros a\u00f1os de su familia en el barrio, lo hace con una imagen sencilla pero profundamente significativa: su padre, mec\u00e1nico de autos, que cada primer d\u00eda de clases ped\u00eda permiso en el trabajo para acercarse a darle un beso en la frente antes de entrar a la escuela. <em>\u201cEse gesto me marc\u00f3 mucho\u201d, recuerda. \u201cPor eso yo siempre hice lo mismo con mis hijos, incluso cuando ya eran grandes, es una manera de que se sientan queridos, acompa\u00f1ados\u201d<\/em>.<\/p>\n\n\n\n<p>Con el tiempo, esa forma de vivir la familia se fue entrelazando naturalmente con la vida del colegio. Hoy, despu\u00e9s de m\u00e1s de una d\u00e9cada, los Mar\u00edn sienten que la instituci\u00f3n forma parte de su propia historia familiar.<\/p>\n\n\n\n<p><strong>Un colegio que se volvi\u00f3 parte de la casa<\/strong><\/p>\n\n\n\n<p>El v\u00ednculo comenz\u00f3 casi por casualidad. Durante la b\u00fasqueda de una vivienda, la due\u00f1a de una casa que alquilaban en la zona les coment\u00f3 que cerca hab\u00eda un colegio. Fue as\u00ed como conocieron Campoalto y tambi\u00e9n Las Almenitas, a apenas media cuadra. <em>\u201cNosotros busc\u00e1bamos justamente eso: un colegio cerca de la casa. En Jap\u00f3n, donde vivimos varios a\u00f1os por mi trabajo, es muy com\u00fan que los ni\u00f1os vayan a una escuela del barrio, trajimos un poco esa idea cuando volvimos\u201d,<\/em> cuenta.<\/p>\n\n\n\n<p>La familia termin\u00f3 instal\u00e1ndose definitivamente a una cuadra y media del colegio. <em>\u201cPara nosotros siempre fue como una extensi\u00f3n (de la familia), el predio del colegio pr\u00e1cticamente se volvi\u00f3 el patio de nuestra casa, sab\u00edamos que nuestros hijos estaban bien, acompa\u00f1ados\u201d.<\/em><\/p>\n\n\n\n<p>Hoy, cinco hijos forman parte de esa historia familiar, junto a su esposa, la se\u00f1ora Rita Noem\u00ed Santos. Cuatro de ellos pasaron o pasan por el colegio: Jos\u00e9 Nicol\u00e1s (egresado 2019), Juan Enrique (2021), Stella (2024 de Las Almenas), y los menores Tom\u00e1s Sebasti\u00e1n y Carlos Alejandro, que actualmente contin\u00faan en Campoalto.<\/p>\n\n\n\n<p><strong>Formaci\u00f3n que trasciende lo acad\u00e9mico<\/strong><\/p>\n\n\n\n<p>A lo largo de los a\u00f1os, el Dr. Mar\u00edn destaca varios rasgos que, a su juicio, definen la identidad del colegio. Uno de ellos es la formaci\u00f3n en valores.<\/p>\n\n\n\n<p><em>\u201cLa caballerosidad es algo que se nota mucho en los egresados, es una marca muy propia de la instituci\u00f3n. Cuando vienen amigos de mis hijos a casa, siempre saludan con mucho respeto, con mucha deferencia. Son detalles que dicen mucho\u201d.<\/em><\/p>\n\n\n\n<p>Tambi\u00e9n resalta el fuerte sentido de compa\u00f1erismo que se forma entre los alumnos. <em>\u201cEntre ellos se genera una hermandad muy grande, lo vemos incluso muchos a\u00f1os despu\u00e9s: siguen reuni\u00e9ndose, siguen acompa\u00f1\u00e1ndose. Ese v\u00ednculo permanece\u201d.<\/em><\/p>\n\n\n\n<p>Para \u00e9l, esa formaci\u00f3n se sostiene sobre tres pilares fundamentales: disciplina, compa\u00f1erismo y esp\u00edritu de superaci\u00f3n. <em>\u201cLa disciplina es clave, ense\u00f1a responsabilidad, compromiso y respeto. Y el compa\u00f1erismo hace que se acompa\u00f1en entre ellos, que se apoyen como grupo\u201d, <\/em>se\u00f1ala.<\/p>\n\n\n\n<p><strong>Abrirse al mundo<\/strong><\/p>\n\n\n\n<p>Otro aspecto que la familia valora especialmente es la apertura internacional que ofrece la instituci\u00f3n. Los tres hijos mayores realizaron experiencias acad\u00e9micas en el extranjero durante su etapa escolar: dos de ellos en Nueva Zelanda y su hija en Estados Unidos. <em>\u201cEs una experiencia muy formativa, a esa edad aprenden a valerse por s\u00ed mismos, a cuidar sus cosas, a manejarse en otro entorno. Es un crecimiento enorme\u201d, <\/em>refiere.<\/p>\n\n\n\n<p>Esa proyecci\u00f3n internacional tambi\u00e9n se refleja en el camino que sigui\u00f3 su hijo mayor, Jos\u00e9 Nicol\u00e1s Mar\u00edn, egresado del colegio, que acaba de culminar sus estudios de Medicina en Espa\u00f1a, tras superar un exigente proceso de admisi\u00f3n en la Universidad de Navarra, una de las m\u00e1s reconocidas del mundo en el \u00e1rea m\u00e9dica. <em>\u201cFue un desaf\u00edo enorme\u201d<\/em>, recuerda el Dr. Elio. <em>\u201cEn un primer momento le dijeron que nunca hab\u00edan tenido estudiantes de Sudam\u00e9rica, pero \u00e9l persever\u00f3, rindi\u00f3 el examen de ingreso y lo logr\u00f3\u201d, <\/em>recuerda con emoci\u00f3n.<\/p>\n\n\n\n<p>Hoy, adem\u00e1s de haber terminado su carrera, participa activamente en el \u00e1mbito acad\u00e9mico y forma parte de equipos m\u00e9dicos de alto nivel. <em>\u201cVer todo lo que ha alcanzado nos llena de orgullo, no porque sea m\u00e9dico, sino por el esfuerzo, la constancia y la madurez que desarroll\u00f3\u201d.<\/em><\/p>\n\n\n\n<p>Durante sus a\u00f1os de estudio en el exterior, pas\u00f3 largos periodos lejos de su familia, enfrentando fechas importantes y desaf\u00edos personales por su cuenta. <em>\u201cEso tambi\u00e9n forma car\u00e1cter\u201d<\/em>, afirma.<\/p>\n\n\n\n<p><strong>Una comunidad educativa madura<\/strong><\/p>\n\n\n\n<p>Despu\u00e9s de tantos a\u00f1os acompa\u00f1ando la vida del colegio, el Dr. Mar\u00edn observa con satisfacci\u00f3n su evoluci\u00f3n. <em>\u201cHoy el colegio tiene un prestigio muy consolidado, es una referencia en lo acad\u00e9mico, en lo deportivo, en las competencias cient\u00edficas, se nota que es una instituci\u00f3n que ha madurado y que tiene un nombre propio\u201d<\/em>.<\/p>\n\n\n\n<p>Entre las experiencias que m\u00e1s recuerda, est\u00e1n tambi\u00e9n los momentos de comunidad que marcan la vida escolar.<\/p>\n\n\n\n<p>El festejo del D\u00eda de la Madre, donde los alumnos bailan con sus mam\u00e1s, es uno de los m\u00e1s significativos para \u00e9l. <em>\u201cEs un gesto muy lindo. Los chicos se esfuerzan para homenajear a sus madres y se nota la dedicaci\u00f3n de los profesores para preparar ese momento. Son recuerdos que quedan\u201d<\/em>, expresa.<\/p>\n\n\n\n<p>Tambi\u00e9n menciona con cari\u00f1o tradiciones como los villancicos y las actividades que fortalecen la vida espiritual de los alumnos.<\/p>\n\n\n\n<p><strong>Mirar hacia adelante<\/strong><\/p>\n\n\n\n<p>Al pensar en el futuro del colegio, destaca la importancia de seguir cuidando aquello que considera su esencia. <em>\u201cLa disciplina, la responsabilidad y el respeto por los docentes son fundamentales. Los profesores deben seguir ocupando su lugar, y los padres debemos acompa\u00f1ar y confiar en esa tarea\u201d<\/em>, alega el Doctor.<\/p>\n\n\n\n<p>Porque, en definitiva, sostiene que la formaci\u00f3n de los hijos es un trabajo compartido entre la familia y el colegio, y cuando ese v\u00ednculo funciona, los frutos se ven con el paso de los a\u00f1os. <em>\u201cNosotros estamos profundamente agradecidos por todo lo que el colegio ha significado para nuestra familia\u201d<\/em>, concluye.<\/p>\n\n\n<div class=\"wp-block-image\">\n<figure class=\"aligncenter size-large is-resized\"><img loading=\"lazy\" decoding=\"async\" width=\"1030\" height=\"682\" src=\"https:\/\/campoalto.edu.py\/sitio\/wp-content\/uploads\/2026\/03\/1-fotor-2026030995443-1030x682.jpg\" alt=\"\" class=\"wp-image-5008\" style=\"width:444px;height:auto\" srcset=\"https:\/\/campoalto.edu.py\/sitio\/wp-content\/uploads\/2026\/03\/1-fotor-2026030995443-1030x682.jpg 1030w, https:\/\/campoalto.edu.py\/sitio\/wp-content\/uploads\/2026\/03\/1-fotor-2026030995443-300x199.jpg 300w, https:\/\/campoalto.edu.py\/sitio\/wp-content\/uploads\/2026\/03\/1-fotor-2026030995443-768x509.jpg 768w, https:\/\/campoalto.edu.py\/sitio\/wp-content\/uploads\/2026\/03\/1-fotor-2026030995443-1536x1017.jpg 1536w, https:\/\/campoalto.edu.py\/sitio\/wp-content\/uploads\/2026\/03\/1-fotor-2026030995443-2048x1356.jpg 2048w, https:\/\/campoalto.edu.py\/sitio\/wp-content\/uploads\/2026\/03\/1-fotor-2026030995443-1500x993.jpg 1500w, https:\/\/campoalto.edu.py\/sitio\/wp-content\/uploads\/2026\/03\/1-fotor-2026030995443-705x467.jpg 705w\" sizes=\"auto, (max-width: 1030px) 100vw, 1030px\" \/><\/figure>\n<\/div>\n\n<div class=\"wp-block-image\">\n<figure class=\"aligncenter size-large is-resized\"><img loading=\"lazy\" decoding=\"async\" width=\"1030\" height=\"686\" src=\"https:\/\/campoalto.edu.py\/sitio\/wp-content\/uploads\/2026\/03\/2-fotor-2026030995518-1030x686.jpg\" alt=\"\" class=\"wp-image-5009\" style=\"aspect-ratio:1.5015001988215306;width:447px;height:auto\" srcset=\"https:\/\/campoalto.edu.py\/sitio\/wp-content\/uploads\/2026\/03\/2-fotor-2026030995518-1030x686.jpg 1030w, https:\/\/campoalto.edu.py\/sitio\/wp-content\/uploads\/2026\/03\/2-fotor-2026030995518-300x200.jpg 300w, https:\/\/campoalto.edu.py\/sitio\/wp-content\/uploads\/2026\/03\/2-fotor-2026030995518-768x512.jpg 768w, https:\/\/campoalto.edu.py\/sitio\/wp-content\/uploads\/2026\/03\/2-fotor-2026030995518-705x470.jpg 705w, https:\/\/campoalto.edu.py\/sitio\/wp-content\/uploads\/2026\/03\/2-fotor-2026030995518.jpg 1120w\" sizes=\"auto, (max-width: 1030px) 100vw, 1030px\" \/><\/figure>\n<\/div>\n\n<div class=\"wp-block-image\">\n<figure class=\"aligncenter size-large is-resized\"><img loading=\"lazy\" decoding=\"async\" width=\"773\" height=\"1030\" src=\"https:\/\/campoalto.edu.py\/sitio\/wp-content\/uploads\/2026\/03\/3-fotor-2026030995554-773x1030.jpg\" alt=\"\" class=\"wp-image-5010\" style=\"aspect-ratio:0.750496614477647;width:446px;height:auto\" srcset=\"https:\/\/campoalto.edu.py\/sitio\/wp-content\/uploads\/2026\/03\/3-fotor-2026030995554-773x1030.jpg 773w, https:\/\/campoalto.edu.py\/sitio\/wp-content\/uploads\/2026\/03\/3-fotor-2026030995554-225x300.jpg 225w, https:\/\/campoalto.edu.py\/sitio\/wp-content\/uploads\/2026\/03\/3-fotor-2026030995554-768x1024.jpg 768w, https:\/\/campoalto.edu.py\/sitio\/wp-content\/uploads\/2026\/03\/3-fotor-2026030995554-529x705.jpg 529w, https:\/\/campoalto.edu.py\/sitio\/wp-content\/uploads\/2026\/03\/3-fotor-2026030995554.jpg 840w\" sizes=\"auto, (max-width: 773px) 100vw, 773px\" \/><\/figure>\n<\/div>\n\n<div class=\"wp-block-image\">\n<figure class=\"aligncenter size-large is-resized\"><img loading=\"lazy\" decoding=\"async\" width=\"773\" height=\"1030\" src=\"https:\/\/campoalto.edu.py\/sitio\/wp-content\/uploads\/2026\/03\/4-fotor-2026030995625-773x1030.jpg\" alt=\"\" class=\"wp-image-5011\" style=\"aspect-ratio:0.7504992745583341;width:443px;height:auto\" srcset=\"https:\/\/campoalto.edu.py\/sitio\/wp-content\/uploads\/2026\/03\/4-fotor-2026030995625-773x1030.jpg 773w, https:\/\/campoalto.edu.py\/sitio\/wp-content\/uploads\/2026\/03\/4-fotor-2026030995625-225x300.jpg 225w, https:\/\/campoalto.edu.py\/sitio\/wp-content\/uploads\/2026\/03\/4-fotor-2026030995625-768x1024.jpg 768w, https:\/\/campoalto.edu.py\/sitio\/wp-content\/uploads\/2026\/03\/4-fotor-2026030995625-529x705.jpg 529w, https:\/\/campoalto.edu.py\/sitio\/wp-content\/uploads\/2026\/03\/4-fotor-2026030995625.jpg 1075w\" sizes=\"auto, (max-width: 773px) 100vw, 773px\" \/><\/figure>\n<\/div>","protected":false},"excerpt":{"rendered":"<p>Cuando el Dr. Elio Mar\u00edn recuerda los primeros a\u00f1os de su familia en el barrio, lo hace con una imagen sencilla pero profundamente significativa: su padre, mec\u00e1nico de autos, que cada primer d\u00eda de clases ped\u00eda permiso en el trabajo para acercarse a darle un beso en la frente antes de entrar a la escuela. [&hellip;]<\/p>\n","protected":false},"author":1,"featured_media":5009,"comment_status":"closed","ping_status":"closed","sticky":false,"template":"","format":"standard","meta":{"footnotes":""},"categories":[1],"tags":[],"class_list":["post-5007","post","type-post","status-publish","format-standard","has-post-thumbnail","hentry","category-colegio"],"_links":{"self":[{"href":"https:\/\/campoalto.edu.py\/sitio\/wp-json\/wp\/v2\/posts\/5007","targetHints":{"allow":["GET"]}}],"collection":[{"href":"https:\/\/campoalto.edu.py\/sitio\/wp-json\/wp\/v2\/posts"}],"about":[{"href":"https:\/\/campoalto.edu.py\/sitio\/wp-json\/wp\/v2\/types\/post"}],"author":[{"embeddable":true,"href":"https:\/\/campoalto.edu.py\/sitio\/wp-json\/wp\/v2\/users\/1"}],"replies":[{"embeddable":true,"href":"https:\/\/campoalto.edu.py\/sitio\/wp-json\/wp\/v2\/comments?post=5007"}],"version-history":[{"count":2,"href":"https:\/\/campoalto.edu.py\/sitio\/wp-json\/wp\/v2\/posts\/5007\/revisions"}],"predecessor-version":[{"id":5013,"href":"https:\/\/campoalto.edu.py\/sitio\/wp-json\/wp\/v2\/posts\/5007\/revisions\/5013"}],"wp:featuredmedia":[{"embeddable":true,"href":"https:\/\/campoalto.edu.py\/sitio\/wp-json\/wp\/v2\/media\/5009"}],"wp:attachment":[{"href":"https:\/\/campoalto.edu.py\/sitio\/wp-json\/wp\/v2\/media?parent=5007"}],"wp:term":[{"taxonomy":"category","embeddable":true,"href":"https:\/\/campoalto.edu.py\/sitio\/wp-json\/wp\/v2\/categories?post=5007"},{"taxonomy":"post_tag","embeddable":true,"href":"https:\/\/campoalto.edu.py\/sitio\/wp-json\/wp\/v2\/tags?post=5007"}],"curies":[{"name":"wp","href":"https:\/\/api.w.org\/{rel}","templated":true}]}}