{"id":4853,"date":"2025-10-15T13:58:59","date_gmt":"2025-10-15T13:58:59","guid":{"rendered":"https:\/\/campoalto.edu.py\/sitio\/?p=4853"},"modified":"2025-10-15T13:59:00","modified_gmt":"2025-10-15T13:59:00","slug":"un-lindo-desafio","status":"publish","type":"post","link":"https:\/\/campoalto.edu.py\/sitio\/2025\/10\/15\/un-lindo-desafio\/","title":{"rendered":"Un lindo desaf\u00edo"},"content":{"rendered":"\n<p><\/p>\n\n\n\n<p>Recientemente, el Colegio Campoalto vivi\u00f3 un cambio significativo: el ahora exdirector general, <strong>profesor Blas Ortiz<\/strong>, emprendi\u00f3 un nuevo cap\u00edtulo profesional en Nueva Zelanda, dejando el cargo en manos del <strong>profesor Vicente Viveros Arg\u00fcello<\/strong>, quien cuenta con una amplia trayectoria dentro de la instituci\u00f3n. Conversamos con \u00e9l para conocer m\u00e1s sobre su formaci\u00f3n, sus expectativas y los anhelos que lo acompa\u00f1an en esta nueva etapa.<\/p>\n\n\n\n<p>El nuevo director general, oriundo del departamento de <strong>Caazap\u00e1<\/strong>, posee una s\u00f3lida formaci\u00f3n acad\u00e9mica que respalda su labor. <em>\u201cTengo una formaci\u00f3n acad\u00e9mica de profesor en Educaci\u00f3n Escolar B\u00e1sica, una licenciatura en Letras, adem\u00e1s de la carrera de Derecho por la Universidad Nacional de Asunci\u00f3n y un posgrado en Educaci\u00f3n Superior por la Universidad Cat\u00f3lica\u201d<\/em>, se\u00f1ala.<\/p>\n\n\n\n<p>Con una mezcla de orgullo y emoci\u00f3n, recuerda su recorrido en el colegio. <em>\u201cPas\u00e9 por varias etapas en Campoalto: fui docente, encargado, tutor, catedr\u00e1tico, y finalmente llegu\u00e9 a ser director general<\/em>\u201d. Tambi\u00e9n nos cuenta c\u00f3mo comenz\u00f3 su historia con la instituci\u00f3n<em>. \u201cLlegu\u00e9 a Campoalto por esas casualidades de la vida en mayo del a\u00f1o 2002. En aquel entonces, el colegio necesitaba un profesor reemplazante, ya que un querido docente, el profesor Jos\u00e9 Luis Vega, de 6.\u00ba grado, deb\u00eda dejar el trabajo para ejercer su profesi\u00f3n de abogado. Mediante un amigo en com\u00fan, hicimos contacto, y desde ese momento estoy aqu\u00ed\u201d<\/em>, recuerda.<\/p>\n\n\n\n<p>Sobre lo que implica este nuevo desaf\u00edo, comenta que, a nivel familiar, representa un cambio importante, ya que el trabajo demandar\u00e1 m\u00e1s tiempo, aunque no descuidar\u00e1 ese aspecto. <em>\u201cSiempre uno necesita estar cerca y sentirse acompa\u00f1ado por su familia\u201d,<\/em> expresa. En el plano profesional, considera este nombramiento un logro muy significativo. <em>\u201cMe pone muy contento que cuenten conmigo para un trabajo tan importante. Que me den su confianza me genera emoci\u00f3n y responsabilidad a la vez, porque para conducir bien este barco llamado Campoalto se requiere de la mayor atenci\u00f3n y dedicaci\u00f3n\u201d<\/em>.<\/p>\n\n\n\n<p>En cuanto al proceso de cambio, menciona que fue algo r\u00e1pido y sorpresivo. <em>\u201cEl profesor Blas nos comunic\u00f3 su salida por un proyecto grande en el extranjero. Comenzamos a hablar con el consejo del colegio y de APEI; me hicieron la propuesta, ped\u00ed un poco de tiempo para pensarlo y finalmente acept\u00e9 el cargo. Fue una transici\u00f3n muy buena, con el tiempo necesario para realizar los traspasos correspondientes. Menci\u00f3n especial al querido Blas, que se ocup\u00f3 de que todo se haga de manera amena y agradable\u201d.<\/em><\/p>\n\n\n\n<p>Al reflexionar sobre lo que significa la docencia, el profesor Vicente lo resume en pocas palabras: <strong><em>\u201cEs un estilo de vida\u201d.<\/em><\/strong> Y agrega: <em>\u201cSi uno no siente en el alma el hecho de ser docente, le va a costar este trabajo. Pero si lleva la docencia en el alma, este es un trabajo hermoso, divertido y gratificante, que deja sabores agradables en las personas\u201d.<\/em><\/p>\n\n\n\n<p>Para cerrar, deja un mensaje a toda la comunidad educativa. <em>\u201cA las familias del colegio les pido que siempre estemos unidos, que trabajemos con confianza y que sepan que el Colegio Campoalto es la casa de toda la comunidad educativa. Ser\u00e1n siempre bien recibidos y escuchados. El colegio es un lugar para las personas\u201d, <\/em>concluye.<\/p>\n\n\n<div class=\"wp-block-image\">\n<figure class=\"aligncenter size-full is-resized\"><img loading=\"lazy\" decoding=\"async\" width=\"753\" height=\"725\" src=\"https:\/\/campoalto.edu.py\/sitio\/wp-content\/uploads\/2025\/10\/1-fotor-2025100912151-chica.jpg\" alt=\"\" class=\"wp-image-4854\" style=\"width:429px;height:auto\" srcset=\"https:\/\/campoalto.edu.py\/sitio\/wp-content\/uploads\/2025\/10\/1-fotor-2025100912151-chica.jpg 753w, https:\/\/campoalto.edu.py\/sitio\/wp-content\/uploads\/2025\/10\/1-fotor-2025100912151-chica-300x289.jpg 300w, https:\/\/campoalto.edu.py\/sitio\/wp-content\/uploads\/2025\/10\/1-fotor-2025100912151-chica-36x36.jpg 36w, https:\/\/campoalto.edu.py\/sitio\/wp-content\/uploads\/2025\/10\/1-fotor-2025100912151-chica-705x679.jpg 705w\" sizes=\"auto, (max-width: 753px) 100vw, 753px\" \/><\/figure>\n<\/div>\n\n<div class=\"wp-block-image\">\n<figure class=\"aligncenter size-full is-resized\"><img loading=\"lazy\" decoding=\"async\" width=\"827\" height=\"752\" src=\"https:\/\/campoalto.edu.py\/sitio\/wp-content\/uploads\/2025\/10\/2-fotor-20251009121620-chica.jpg\" alt=\"\" class=\"wp-image-4855\" style=\"width:431px;height:auto\" srcset=\"https:\/\/campoalto.edu.py\/sitio\/wp-content\/uploads\/2025\/10\/2-fotor-20251009121620-chica.jpg 827w, https:\/\/campoalto.edu.py\/sitio\/wp-content\/uploads\/2025\/10\/2-fotor-20251009121620-chica-300x273.jpg 300w, https:\/\/campoalto.edu.py\/sitio\/wp-content\/uploads\/2025\/10\/2-fotor-20251009121620-chica-768x698.jpg 768w, https:\/\/campoalto.edu.py\/sitio\/wp-content\/uploads\/2025\/10\/2-fotor-20251009121620-chica-705x641.jpg 705w\" sizes=\"auto, (max-width: 827px) 100vw, 827px\" \/><\/figure>\n<\/div>","protected":false},"excerpt":{"rendered":"<p>Recientemente, el Colegio Campoalto vivi\u00f3 un cambio significativo: el ahora exdirector general, profesor Blas Ortiz, emprendi\u00f3 un nuevo cap\u00edtulo profesional en Nueva Zelanda, dejando el cargo en manos del profesor Vicente Viveros Arg\u00fcello, quien cuenta con una amplia trayectoria dentro de la instituci\u00f3n. Conversamos con \u00e9l para conocer m\u00e1s sobre su formaci\u00f3n, sus expectativas y [&hellip;]<\/p>\n","protected":false},"author":1,"featured_media":4857,"comment_status":"closed","ping_status":"closed","sticky":false,"template":"","format":"standard","meta":{"footnotes":""},"categories":[1],"tags":[],"class_list":["post-4853","post","type-post","status-publish","format-standard","has-post-thumbnail","hentry","category-colegio"],"_links":{"self":[{"href":"https:\/\/campoalto.edu.py\/sitio\/wp-json\/wp\/v2\/posts\/4853","targetHints":{"allow":["GET"]}}],"collection":[{"href":"https:\/\/campoalto.edu.py\/sitio\/wp-json\/wp\/v2\/posts"}],"about":[{"href":"https:\/\/campoalto.edu.py\/sitio\/wp-json\/wp\/v2\/types\/post"}],"author":[{"embeddable":true,"href":"https:\/\/campoalto.edu.py\/sitio\/wp-json\/wp\/v2\/users\/1"}],"replies":[{"embeddable":true,"href":"https:\/\/campoalto.edu.py\/sitio\/wp-json\/wp\/v2\/comments?post=4853"}],"version-history":[{"count":2,"href":"https:\/\/campoalto.edu.py\/sitio\/wp-json\/wp\/v2\/posts\/4853\/revisions"}],"predecessor-version":[{"id":4859,"href":"https:\/\/campoalto.edu.py\/sitio\/wp-json\/wp\/v2\/posts\/4853\/revisions\/4859"}],"wp:featuredmedia":[{"embeddable":true,"href":"https:\/\/campoalto.edu.py\/sitio\/wp-json\/wp\/v2\/media\/4857"}],"wp:attachment":[{"href":"https:\/\/campoalto.edu.py\/sitio\/wp-json\/wp\/v2\/media?parent=4853"}],"wp:term":[{"taxonomy":"category","embeddable":true,"href":"https:\/\/campoalto.edu.py\/sitio\/wp-json\/wp\/v2\/categories?post=4853"},{"taxonomy":"post_tag","embeddable":true,"href":"https:\/\/campoalto.edu.py\/sitio\/wp-json\/wp\/v2\/tags?post=4853"}],"curies":[{"name":"wp","href":"https:\/\/api.w.org\/{rel}","templated":true}]}}