{"id":4778,"date":"2025-06-19T14:18:03","date_gmt":"2025-06-19T14:18:03","guid":{"rendered":"https:\/\/campoalto.edu.py\/sitio\/?p=4778"},"modified":"2025-06-19T14:18:04","modified_gmt":"2025-06-19T14:18:04","slug":"san-josemaria-inspiracion-para-toda-la-formacion-en-campoalto","status":"publish","type":"post","link":"https:\/\/campoalto.edu.py\/sitio\/2025\/06\/19\/san-josemaria-inspiracion-para-toda-la-formacion-en-campoalto\/","title":{"rendered":"San Josemar\u00eda, inspiraci\u00f3n para toda la formaci\u00f3n en Campoalto"},"content":{"rendered":"\n<p><\/p>\n\n\n\n<p>La figura de San Josemar\u00eda Escriv\u00e1 inspira profundamente la formaci\u00f3n humana, espiritual, doctrinal y religiosa que llevamos adelante en nuestro Colegio. La Semana de San Josemar\u00eda es un momento muy significativo para toda la comunidad educativa: d\u00edas en los que recordamos su vida, su obra y sus ense\u00f1anzas, que han dejado huella en tantas personas. En Campoalto, muchos docentes viven su vocaci\u00f3n honrando ese legado.<\/p>\n\n\n\n<p>Uno de ellos es el querido profesor Ricardo Colman, quien comenz\u00f3 su camino en nuestra instituci\u00f3n en 1987, primero con una pasant\u00eda hasta 1998, y luego retom\u00f3 su labor docente en 2015, continuando hasta hoy.<\/p>\n\n\n\n<p>Al recordar sus inicios, destaca la importancia que San Josemar\u00eda tuvo en su vida. <em>\u201cToda mi formaci\u00f3n cristiana la recib\u00ed al abrigo de los centros del Opus Dei. Tambi\u00e9n en mi vida profesional su presencia ha sido clave, ya que esta instituci\u00f3n educativa en la que trabajo desde hace tantos a\u00f1os, sali\u00f3 adelante gracias al impulso de San Josemar\u00eda, fue \u00e9l quien inspir\u00f3 toda la formaci\u00f3n integral que se vive en el Colegio\u201d<\/em>, reflexiona.<\/p>\n\n\n\n<p>Para el profesor Colman, actual Director de Orientaci\u00f3n, el valor central que San Josemar\u00eda promovi\u00f3 fue la santificaci\u00f3n a trav\u00e9s del trabajo ordinario: \u201csantificarse en el trabajo y santificar a los dem\u00e1s\u201d. <em>\u201cEso lo recibimos a trav\u00e9s del fundador de Campoalto, Pablo Pratmars\u00f3, quien nos transmiti\u00f3 esa doctrina cuando \u00e9ramos j\u00f3venes maestros, reci\u00e9n iniciados en la docencia. El cuidado por los peque\u00f1os detalles, hacer bien el trabajo, ofrecerlo a Dios\u201d<\/em>, se\u00f1ala.<\/p>\n\n\n\n<p>En el ideario del Colegio est\u00e1n presentes valores que San Josemar\u00eda vivi\u00f3 intensamente y promov\u00eda como medio para cumplir la voluntad de Dios: la humildad, la sinceridad, la lealtad, la fortaleza y la laboriosidad. <em>\u201cEstos elementos forman parte de nuestro plan de formaci\u00f3n, y buscamos transmitir esa herencia a los alumnos, para que lleguen a ser cristianos cabales, personas \u00fatiles a la sociedad, y que puedan formar hogares luminosos y alegres, como dec\u00eda San Josemar\u00eda\u201d<\/em>, subraya el docente.<\/p>\n\n\n\n<p>En cuanto a la formaci\u00f3n de los alumnos, reconoce que atraviesan la compleja etapa de la adolescencia, pero destaca c\u00f3mo, con el tiempo, van consolidando una personalidad firme, apoyada en los valores adquiridos. <em>\u201cCrecen y toman mayor conciencia de la importancia de las virtudes que se les inculc\u00f3 en Campoalto y procuran vivirlas, especialmente cuando asumen responsabilidades en la vida profesional y familiar\u201d<\/em>, comenta.<\/p>\n\n\n\n<p>El profesor Colman tambi\u00e9n valora profundamente el v\u00ednculo que muchos egresados mantienen con Campoalto. <em>\u201cMuchos inscriben a sus hijos aqu\u00ed porque desean que reciban la misma formaci\u00f3n que ellos tuvieron, tambi\u00e9n nos alegra ver a tantos antiguos alumnos que hoy son parte del equipo docente, ya formados con el esp\u00edritu y la visi\u00f3n educativa de San Josemar\u00eda\u201d<\/em>.<\/p>\n\n\n\n<p>Para cerrar la nota, destaca que toda la comunidad educativa vive, de forma natural, los valores que San Josemar\u00eda inculc\u00f3. <em>\u201cSe bendice la mesa, se realizan romer\u00edas, se honra a la Virgen, se promueve una relaci\u00f3n sana y afectuosa entre padres e hijos, lo cual era un rasgo muy propio de San Josemar\u00eda. Adem\u00e1s, contamos con diversas actividades formativas para los padres, que tambi\u00e9n son reflejo de ese legado\u201d, <\/em>concluye.<\/p>\n\n\n<div class=\"wp-block-image\">\n<figure class=\"aligncenter size-large is-resized\"><img loading=\"lazy\" decoding=\"async\" width=\"1030\" height=\"475\" src=\"https:\/\/campoalto.edu.py\/sitio\/wp-content\/uploads\/2025\/06\/2-fotor-20250617112430-1030x475.jpg\" alt=\"\" class=\"wp-image-4779\" style=\"width:566px;height:auto\" srcset=\"https:\/\/campoalto.edu.py\/sitio\/wp-content\/uploads\/2025\/06\/2-fotor-20250617112430-1030x475.jpg 1030w, https:\/\/campoalto.edu.py\/sitio\/wp-content\/uploads\/2025\/06\/2-fotor-20250617112430-300x138.jpg 300w, https:\/\/campoalto.edu.py\/sitio\/wp-content\/uploads\/2025\/06\/2-fotor-20250617112430-768x354.jpg 768w, https:\/\/campoalto.edu.py\/sitio\/wp-content\/uploads\/2025\/06\/2-fotor-20250617112430-1536x708.jpg 1536w, https:\/\/campoalto.edu.py\/sitio\/wp-content\/uploads\/2025\/06\/2-fotor-20250617112430-2048x944.jpg 2048w, https:\/\/campoalto.edu.py\/sitio\/wp-content\/uploads\/2025\/06\/2-fotor-20250617112430-1500x691.jpg 1500w, https:\/\/campoalto.edu.py\/sitio\/wp-content\/uploads\/2025\/06\/2-fotor-20250617112430-705x325.jpg 705w\" sizes=\"auto, (max-width: 1030px) 100vw, 1030px\" \/><\/figure>\n<\/div>\n\n<div class=\"wp-block-image\">\n<figure class=\"aligncenter size-large is-resized\"><img loading=\"lazy\" decoding=\"async\" width=\"490\" height=\"1030\" src=\"https:\/\/campoalto.edu.py\/sitio\/wp-content\/uploads\/2025\/06\/3-fotor-2025061711262-490x1030.jpg\" alt=\"\" class=\"wp-image-4780\" style=\"width:348px;height:auto\" srcset=\"https:\/\/campoalto.edu.py\/sitio\/wp-content\/uploads\/2025\/06\/3-fotor-2025061711262-490x1030.jpg 490w, https:\/\/campoalto.edu.py\/sitio\/wp-content\/uploads\/2025\/06\/3-fotor-2025061711262-143x300.jpg 143w, https:\/\/campoalto.edu.py\/sitio\/wp-content\/uploads\/2025\/06\/3-fotor-2025061711262-768x1613.jpg 768w, https:\/\/campoalto.edu.py\/sitio\/wp-content\/uploads\/2025\/06\/3-fotor-2025061711262-731x1536.jpg 731w, https:\/\/campoalto.edu.py\/sitio\/wp-content\/uploads\/2025\/06\/3-fotor-2025061711262-975x2048.jpg 975w, https:\/\/campoalto.edu.py\/sitio\/wp-content\/uploads\/2025\/06\/3-fotor-2025061711262-714x1500.jpg 714w, https:\/\/campoalto.edu.py\/sitio\/wp-content\/uploads\/2025\/06\/3-fotor-2025061711262-336x705.jpg 336w, https:\/\/campoalto.edu.py\/sitio\/wp-content\/uploads\/2025\/06\/3-fotor-2025061711262-scaled.jpg 1219w\" sizes=\"auto, (max-width: 490px) 100vw, 490px\" \/><\/figure>\n<\/div>","protected":false},"excerpt":{"rendered":"<p>La figura de San Josemar\u00eda Escriv\u00e1 inspira profundamente la formaci\u00f3n humana, espiritual, doctrinal y religiosa que llevamos adelante en nuestro Colegio. La Semana de San Josemar\u00eda es un momento muy significativo para toda la comunidad educativa: d\u00edas en los que recordamos su vida, su obra y sus ense\u00f1anzas, que han dejado huella en tantas personas. [&hellip;]<\/p>\n","protected":false},"author":1,"featured_media":4779,"comment_status":"closed","ping_status":"closed","sticky":false,"template":"","format":"standard","meta":{"footnotes":""},"categories":[1],"tags":[],"class_list":["post-4778","post","type-post","status-publish","format-standard","has-post-thumbnail","hentry","category-colegio"],"_links":{"self":[{"href":"https:\/\/campoalto.edu.py\/sitio\/wp-json\/wp\/v2\/posts\/4778","targetHints":{"allow":["GET"]}}],"collection":[{"href":"https:\/\/campoalto.edu.py\/sitio\/wp-json\/wp\/v2\/posts"}],"about":[{"href":"https:\/\/campoalto.edu.py\/sitio\/wp-json\/wp\/v2\/types\/post"}],"author":[{"embeddable":true,"href":"https:\/\/campoalto.edu.py\/sitio\/wp-json\/wp\/v2\/users\/1"}],"replies":[{"embeddable":true,"href":"https:\/\/campoalto.edu.py\/sitio\/wp-json\/wp\/v2\/comments?post=4778"}],"version-history":[{"count":2,"href":"https:\/\/campoalto.edu.py\/sitio\/wp-json\/wp\/v2\/posts\/4778\/revisions"}],"predecessor-version":[{"id":4782,"href":"https:\/\/campoalto.edu.py\/sitio\/wp-json\/wp\/v2\/posts\/4778\/revisions\/4782"}],"wp:featuredmedia":[{"embeddable":true,"href":"https:\/\/campoalto.edu.py\/sitio\/wp-json\/wp\/v2\/media\/4779"}],"wp:attachment":[{"href":"https:\/\/campoalto.edu.py\/sitio\/wp-json\/wp\/v2\/media?parent=4778"}],"wp:term":[{"taxonomy":"category","embeddable":true,"href":"https:\/\/campoalto.edu.py\/sitio\/wp-json\/wp\/v2\/categories?post=4778"},{"taxonomy":"post_tag","embeddable":true,"href":"https:\/\/campoalto.edu.py\/sitio\/wp-json\/wp\/v2\/tags?post=4778"}],"curies":[{"name":"wp","href":"https:\/\/api.w.org\/{rel}","templated":true}]}}