{"id":4770,"date":"2025-05-22T17:54:18","date_gmt":"2025-05-22T17:54:18","guid":{"rendered":"https:\/\/campoalto.edu.py\/sitio\/?p=4770"},"modified":"2025-05-22T17:54:18","modified_gmt":"2025-05-22T17:54:18","slug":"campamentos-padres-e-hijos-una-tradicion-que-fortalece-vinculos-y-deja-ensenanzas","status":"publish","type":"post","link":"https:\/\/campoalto.edu.py\/sitio\/2025\/05\/22\/campamentos-padres-e-hijos-una-tradicion-que-fortalece-vinculos-y-deja-ensenanzas\/","title":{"rendered":"Campamentos Padres e Hijos: una tradici\u00f3n que fortalece v\u00ednculos y deja ense\u00f1anzas"},"content":{"rendered":"\n<p><\/p>\n\n\n\n<p><strong>En esta nota te contamos m\u00e1s sobre los Campamentos Padres e Hijos, una de las actividades m\u00e1s significativas del calendario escolar de Campoalto. Esta experiencia fomenta la uni\u00f3n familiar, fortalece v\u00ednculos afectivos y deja recuerdos imborrables en quienes participan. Para conocer m\u00e1s de cerca esta tradici\u00f3n, conversamos con el Profesor de Educaci\u00f3n Art\u00edstica y Coordinador del Campamento, Cristhian Villalba, quien comparti\u00f3 su testimonio y reflexiones.<\/strong><\/p>\n\n\n\n<p><\/p>\n\n\n\n<p><em>\u201cEl campamento ya tiene sus a\u00f1os, y sirve para crear v\u00ednculos entre padres e hijos. Es un acontecimiento \u00fanico y especial, donde los propios protagonistas aguardan con ansias la fecha, porque conviven entre s\u00ed y disfrutan intensamente cada momento durante el fin de semana\u201d<\/em>, comienza diciendo el Prof. Cristhian.<\/p>\n\n\n\n<p>Adem\u00e1s del disfrute, la actividad responde a un prop\u00f3sito pedag\u00f3gico muy claro, seg\u00fan nos comenta. <em>\u201cBuscamos principalmente alcanzar objetivos formativos, especialmente la creaci\u00f3n de v\u00ednculos afectivos entre padre e hijo, que el campamento quede grabado en la mente y en el coraz\u00f3n de ambos\u201d<\/em>, se\u00f1ala.<\/p>\n\n\n\n<p>Los campamentos van desde el primer hasta el quinto grado, e involucran a ambas secciones, A y B, acompa\u00f1adas por sus docentes y, por supuesto, los padres. <em>\u201cEse fin de semana es muy importante porque ofrece un espacio de di\u00e1logo, de conocimiento mutuo, de compartir desaf\u00edos f\u00edsicos y de vivir momentos \u00fanicos. Se trata de conocerse m\u00e1s profundamente\u201d<\/em>, resalta el coordinador.<\/p>\n\n\n\n<p>Las salidas suelen realizarse entre los meses de marzo y abril, marcando simb\u00f3licamente el inicio de las actividades escolares. <em>\u201cEs como una de las primeras experiencias significativas del a\u00f1o, que involucra tanto a alumnos como a sus padres\u201d<\/em>, puntualiza.<\/p>\n\n\n\n<p><strong>Valores, desaf\u00edos y espiritualidad<\/strong><\/p>\n\n\n\n<p>El campamento est\u00e1 profundamente vinculado a los valores del Campoalto. <em>\u201cLos valores del Colegio se integran muy bien en el campamento. Por ejemplo, fomentamos el esfuerzo f\u00edsico, el trabajo en equipo y la sana competencia, organizamos a los chicos en grupos \u2014lobos, pumas, halcones y leones\u2014 mezclando las secciones A y B para promover la integraci\u00f3n\u201d<\/em>, explica el profesor.<\/p>\n\n\n\n<p>Las jornadas incluyen din\u00e1micas f\u00edsicas, momentos de reflexi\u00f3n y espacios para la espiritualidad. <em>\u201cDurante los juegos se ve la disciplina, el compromiso y el esfuerzo de cada equipo. Luego pasamos a lo espiritual, con din\u00e1micas especialmente dise\u00f1adas para que padres e hijos se comuniquen de forma \u00edntima y sincera. Tambi\u00e9n celebramos juntos la misa dominical, presidida por el Capell\u00e1n del Colegio\u201d<\/em>.<\/p>\n\n\n\n<p>Para cerrar, el Prof. Cristhian comparte una reflexi\u00f3n cargada de sentimiento. <em>\u201cComo persona, como docente y como coordinador, me llena de satisfacci\u00f3n ver c\u00f3mo los padres se dan ese tiempo que, por la rutina, muchas veces no pueden dedicar a sus hijos. Me gusta saber que contribuyo, aunque sea un poco, a esa uni\u00f3n tan especial, eso deja una huella tanto en m\u00ed como en cada participante\u201d<\/em>, expresa.<\/p>\n\n\n\n<p>Refiera, adem\u00e1s, y a modo personal, que esta es una de las actividades m\u00e1s importantes del Campoalto. <em>\u201cInvolucra a los chicos con sus padres, los conecta con la naturaleza, con Dios y entre ellos. Ver c\u00f3mo se preparan desde el viernes, c\u00f3mo viven esa experiencia, y c\u00f3mo a\u00f1o tras a\u00f1o tenemos una participaci\u00f3n del 90% o m\u00e1s\u2026 eso nos anima a seguir\u201d<\/em>, concluye con orgullo.<\/p>\n\n\n\n<p><\/p>\n\n\n<div class=\"wp-block-image\">\n<figure class=\"aligncenter size-large is-resized\"><img loading=\"lazy\" decoding=\"async\" width=\"1030\" height=\"715\" src=\"https:\/\/campoalto.edu.py\/sitio\/wp-content\/uploads\/2025\/05\/WhatsApp-Image-2025-05-22-at-14.43.37-1030x715.jpeg\" alt=\"\" class=\"wp-image-4772\" style=\"width:439px;height:auto\" srcset=\"https:\/\/campoalto.edu.py\/sitio\/wp-content\/uploads\/2025\/05\/WhatsApp-Image-2025-05-22-at-14.43.37-1030x715.jpeg 1030w, https:\/\/campoalto.edu.py\/sitio\/wp-content\/uploads\/2025\/05\/WhatsApp-Image-2025-05-22-at-14.43.37-300x208.jpeg 300w, https:\/\/campoalto.edu.py\/sitio\/wp-content\/uploads\/2025\/05\/WhatsApp-Image-2025-05-22-at-14.43.37-768x533.jpeg 768w, https:\/\/campoalto.edu.py\/sitio\/wp-content\/uploads\/2025\/05\/WhatsApp-Image-2025-05-22-at-14.43.37-705x489.jpeg 705w, https:\/\/campoalto.edu.py\/sitio\/wp-content\/uploads\/2025\/05\/WhatsApp-Image-2025-05-22-at-14.43.37.jpeg 1118w\" sizes=\"auto, (max-width: 1030px) 100vw, 1030px\" \/><\/figure>\n<\/div>\n\n<div class=\"wp-block-image\">\n<figure class=\"aligncenter size-large is-resized\"><img loading=\"lazy\" decoding=\"async\" width=\"1030\" height=\"704\" src=\"https:\/\/campoalto.edu.py\/sitio\/wp-content\/uploads\/2025\/05\/1-1030x704.jpg\" alt=\"\" class=\"wp-image-4771\" style=\"width:439px;height:auto\" srcset=\"https:\/\/campoalto.edu.py\/sitio\/wp-content\/uploads\/2025\/05\/1-1030x704.jpg 1030w, https:\/\/campoalto.edu.py\/sitio\/wp-content\/uploads\/2025\/05\/1-300x205.jpg 300w, https:\/\/campoalto.edu.py\/sitio\/wp-content\/uploads\/2025\/05\/1-768x525.jpg 768w, https:\/\/campoalto.edu.py\/sitio\/wp-content\/uploads\/2025\/05\/1-705x482.jpg 705w, https:\/\/campoalto.edu.py\/sitio\/wp-content\/uploads\/2025\/05\/1.jpg 1396w\" sizes=\"auto, (max-width: 1030px) 100vw, 1030px\" \/><\/figure>\n<\/div>\n\n<div class=\"wp-block-image\">\n<figure class=\"aligncenter size-large is-resized\"><img loading=\"lazy\" decoding=\"async\" width=\"1030\" height=\"681\" src=\"https:\/\/campoalto.edu.py\/sitio\/wp-content\/uploads\/2025\/05\/2-1030x681.jpg\" alt=\"\" class=\"wp-image-4773\" style=\"width:440px;height:auto\" srcset=\"https:\/\/campoalto.edu.py\/sitio\/wp-content\/uploads\/2025\/05\/2-1030x681.jpg 1030w, https:\/\/campoalto.edu.py\/sitio\/wp-content\/uploads\/2025\/05\/2-300x198.jpg 300w, https:\/\/campoalto.edu.py\/sitio\/wp-content\/uploads\/2025\/05\/2-768x508.jpg 768w, https:\/\/campoalto.edu.py\/sitio\/wp-content\/uploads\/2025\/05\/2-1536x1016.jpg 1536w, https:\/\/campoalto.edu.py\/sitio\/wp-content\/uploads\/2025\/05\/2-2048x1355.jpg 2048w, https:\/\/campoalto.edu.py\/sitio\/wp-content\/uploads\/2025\/05\/2-1500x992.jpg 1500w, https:\/\/campoalto.edu.py\/sitio\/wp-content\/uploads\/2025\/05\/2-705x466.jpg 705w\" sizes=\"auto, (max-width: 1030px) 100vw, 1030px\" \/><\/figure>\n<\/div>\n\n<div class=\"wp-block-image\">\n<figure class=\"aligncenter size-large is-resized\"><img loading=\"lazy\" decoding=\"async\" width=\"1030\" height=\"723\" src=\"https:\/\/campoalto.edu.py\/sitio\/wp-content\/uploads\/2025\/05\/4-1030x723.png\" alt=\"\" class=\"wp-image-4774\" style=\"width:443px;height:auto\" srcset=\"https:\/\/campoalto.edu.py\/sitio\/wp-content\/uploads\/2025\/05\/4-1030x723.png 1030w, https:\/\/campoalto.edu.py\/sitio\/wp-content\/uploads\/2025\/05\/4-300x211.png 300w, https:\/\/campoalto.edu.py\/sitio\/wp-content\/uploads\/2025\/05\/4-768x539.png 768w, https:\/\/campoalto.edu.py\/sitio\/wp-content\/uploads\/2025\/05\/4-705x495.png 705w, https:\/\/campoalto.edu.py\/sitio\/wp-content\/uploads\/2025\/05\/4.png 1102w\" sizes=\"auto, (max-width: 1030px) 100vw, 1030px\" \/><\/figure>\n<\/div>\n\n<div class=\"wp-block-image\">\n<figure class=\"aligncenter size-large is-resized\"><img loading=\"lazy\" decoding=\"async\" width=\"1030\" height=\"686\" src=\"https:\/\/campoalto.edu.py\/sitio\/wp-content\/uploads\/2025\/05\/c2592371-4df6-4d09-9fb6-3d3be72f832c-1030x686.jpg\" alt=\"\" class=\"wp-image-4775\" style=\"width:444px;height:auto\" srcset=\"https:\/\/campoalto.edu.py\/sitio\/wp-content\/uploads\/2025\/05\/c2592371-4df6-4d09-9fb6-3d3be72f832c-1030x686.jpg 1030w, https:\/\/campoalto.edu.py\/sitio\/wp-content\/uploads\/2025\/05\/c2592371-4df6-4d09-9fb6-3d3be72f832c-300x200.jpg 300w, https:\/\/campoalto.edu.py\/sitio\/wp-content\/uploads\/2025\/05\/c2592371-4df6-4d09-9fb6-3d3be72f832c-768x512.jpg 768w, https:\/\/campoalto.edu.py\/sitio\/wp-content\/uploads\/2025\/05\/c2592371-4df6-4d09-9fb6-3d3be72f832c-705x470.jpg 705w, https:\/\/campoalto.edu.py\/sitio\/wp-content\/uploads\/2025\/05\/c2592371-4df6-4d09-9fb6-3d3be72f832c.jpg 1280w\" sizes=\"auto, (max-width: 1030px) 100vw, 1030px\" \/><\/figure>\n<\/div>","protected":false},"excerpt":{"rendered":"<p>En esta nota te contamos m\u00e1s sobre los Campamentos Padres e Hijos, una de las actividades m\u00e1s significativas del calendario escolar de Campoalto. Esta experiencia fomenta la uni\u00f3n familiar, fortalece v\u00ednculos afectivos y deja recuerdos imborrables en quienes participan. Para conocer m\u00e1s de cerca esta tradici\u00f3n, conversamos con el Profesor de Educaci\u00f3n Art\u00edstica y Coordinador [&hellip;]<\/p>\n","protected":false},"author":1,"featured_media":4772,"comment_status":"closed","ping_status":"closed","sticky":false,"template":"","format":"standard","meta":{"footnotes":""},"categories":[1],"tags":[],"class_list":["post-4770","post","type-post","status-publish","format-standard","has-post-thumbnail","hentry","category-colegio"],"_links":{"self":[{"href":"https:\/\/campoalto.edu.py\/sitio\/wp-json\/wp\/v2\/posts\/4770","targetHints":{"allow":["GET"]}}],"collection":[{"href":"https:\/\/campoalto.edu.py\/sitio\/wp-json\/wp\/v2\/posts"}],"about":[{"href":"https:\/\/campoalto.edu.py\/sitio\/wp-json\/wp\/v2\/types\/post"}],"author":[{"embeddable":true,"href":"https:\/\/campoalto.edu.py\/sitio\/wp-json\/wp\/v2\/users\/1"}],"replies":[{"embeddable":true,"href":"https:\/\/campoalto.edu.py\/sitio\/wp-json\/wp\/v2\/comments?post=4770"}],"version-history":[{"count":1,"href":"https:\/\/campoalto.edu.py\/sitio\/wp-json\/wp\/v2\/posts\/4770\/revisions"}],"predecessor-version":[{"id":4776,"href":"https:\/\/campoalto.edu.py\/sitio\/wp-json\/wp\/v2\/posts\/4770\/revisions\/4776"}],"wp:featuredmedia":[{"embeddable":true,"href":"https:\/\/campoalto.edu.py\/sitio\/wp-json\/wp\/v2\/media\/4772"}],"wp:attachment":[{"href":"https:\/\/campoalto.edu.py\/sitio\/wp-json\/wp\/v2\/media?parent=4770"}],"wp:term":[{"taxonomy":"category","embeddable":true,"href":"https:\/\/campoalto.edu.py\/sitio\/wp-json\/wp\/v2\/categories?post=4770"},{"taxonomy":"post_tag","embeddable":true,"href":"https:\/\/campoalto.edu.py\/sitio\/wp-json\/wp\/v2\/tags?post=4770"}],"curies":[{"name":"wp","href":"https:\/\/api.w.org\/{rel}","templated":true}]}}