{"id":4723,"date":"2025-03-21T17:41:01","date_gmt":"2025-03-21T17:41:01","guid":{"rendered":"https:\/\/campoalto.edu.py\/sitio\/?p=4723"},"modified":"2025-03-21T17:52:28","modified_gmt":"2025-03-21T17:52:28","slug":"eleccion-saludable-y-sostenible","status":"publish","type":"post","link":"https:\/\/campoalto.edu.py\/sitio\/2025\/03\/21\/eleccion-saludable-y-sostenible\/","title":{"rendered":"Elecci\u00f3n saludable y sostenible"},"content":{"rendered":"\n<p><\/p>\n\n\n\n<p><strong>En esta nota te contamos la historia de Alejandro Pizza, alumno de primer a\u00f1o, quien cada d\u00eda llega al Colegio de una manera muy particular: en bicicleta. S\u00ed, le\u00edste bien, usa su bicicleta como medio de transporte diario.<\/strong><\/p>\n\n\n\n<p><em>\u201cAl principio ven\u00eda en bus, pero poco a poco quise ganar independencia y no depender siempre de mis padres para llegar\u201d, nos cuenta Alejandro. <\/em>Entre risas, recuerda que tuvo que insistir bastante para convencerlos de que le permitieran ir en bicicleta.<em> \u00abCost\u00f3 mucho, pero despu\u00e9s de tanta insistencia, lo logr\u00e9. Ahora son los primeros en felicitarme por asumir este desaf\u00edo. Ya hace un a\u00f1o que vengo pedaleando hasta el colegio\u00bb<\/em>, recuerda<\/p>\n\n\n\n<p>M\u00e1s all\u00e1 de ser un medio de transporte, para Ale, la bicicleta representa un estilo de vida. <em>\u201cUsarla me ayuda a contribuir con el medioambiente, evitando la contaminaci\u00f3n que generan los autos, adem\u00e1s, fomenta la sostenibilidad del ecosistema\u201d<\/em>, expresa con entusiasmo.<\/p>\n\n\n\n<p>El apoyo de su entorno tambi\u00e9n ha sido clave. <em>\u00abMis profesores me animan a seguir pedaleando, y siempre me recuerdan que tenga cuidado en las calles. Mis compa\u00f1eros tambi\u00e9n me motivan a seguir con este h\u00e1bito\u00bb<\/em>, se\u00f1ala.<\/p>\n\n\n\n<p>El entusiasta joven nos comparte su recorrido diario. <em>\u00abMi casa est\u00e1 a tres cuadras del Club Internacional de Tenis (CIT), paso por la calle Santa Teresa, luego por Lillo, hasta alcanzar la transitada Mariscal L\u00f3pez, despu\u00e9s sigo por Torreani Viera y finalmente llego hasta Campoalto\u201d<\/em>, comenta.<\/p>\n\n\n\n<p>Para \u00e9l, la bicicleta es m\u00e1s que un simple veh\u00edculo; es una tradici\u00f3n familiar. <em>\u201cGran parte de mi familia usa la bicicleta; mis primos, mi pap\u00e1\u2026 creo que de ellos hered\u00e9 el gusto por andar en dos ruedas\u201d<\/em>, cuenta con emoci\u00f3n.<\/p>\n\n\n\n<p>Tambi\u00e9n recuerda con cari\u00f1o a sus t\u00edos, quienes fueron alumnos del colegio. <em>\u00abSiempre me hablan con nostalgia de sus d\u00edas en Campoalto, y de los profesores que los formaron. Ahora me toca a m\u00ed seguir ese legado de educaci\u00f3n y valores que recibimos en el colegio\u00bb<\/em>, enfatiza.<\/p>\n\n\n\n<p>Para cerrar esta nota llena de inspiraci\u00f3n, Ale deja un mensaje. <em>\u00abLes recomiendo a todos que vengan en bici. Yo lo disfruto much\u00edsimo y ojal\u00e1 m\u00e1s compa\u00f1eros se animen a hacerlo, es una gran forma de ejercitarse y llevar una vida saludable\u201d<\/em>, destaca.<\/p>\n\n\n<div class=\"wp-block-image\">\n<figure class=\"aligncenter size-large is-resized\"><img loading=\"lazy\" decoding=\"async\" width=\"775\" height=\"1030\" src=\"https:\/\/campoalto.edu.py\/sitio\/wp-content\/uploads\/2025\/03\/1-775x1030.jpg\" alt=\"\" class=\"wp-image-4725\" style=\"width:351px;height:auto\" srcset=\"https:\/\/campoalto.edu.py\/sitio\/wp-content\/uploads\/2025\/03\/1-775x1030.jpg 775w, https:\/\/campoalto.edu.py\/sitio\/wp-content\/uploads\/2025\/03\/1-226x300.jpg 226w, https:\/\/campoalto.edu.py\/sitio\/wp-content\/uploads\/2025\/03\/1-768x1021.jpg 768w, https:\/\/campoalto.edu.py\/sitio\/wp-content\/uploads\/2025\/03\/1-1155x1536.jpg 1155w, https:\/\/campoalto.edu.py\/sitio\/wp-content\/uploads\/2025\/03\/1-1128x1500.jpg 1128w, https:\/\/campoalto.edu.py\/sitio\/wp-content\/uploads\/2025\/03\/1-530x705.jpg 530w, https:\/\/campoalto.edu.py\/sitio\/wp-content\/uploads\/2025\/03\/1.jpg 1169w\" sizes=\"auto, (max-width: 775px) 100vw, 775px\" \/><\/figure>\n<\/div>\n\n<div class=\"wp-block-image\">\n<figure class=\"aligncenter size-full is-resized\"><img loading=\"lazy\" decoding=\"async\" width=\"653\" height=\"719\" src=\"https:\/\/campoalto.edu.py\/sitio\/wp-content\/uploads\/2025\/03\/2.jpg\" alt=\"\" class=\"wp-image-4726\" style=\"width:351px;height:auto\" srcset=\"https:\/\/campoalto.edu.py\/sitio\/wp-content\/uploads\/2025\/03\/2.jpg 653w, https:\/\/campoalto.edu.py\/sitio\/wp-content\/uploads\/2025\/03\/2-272x300.jpg 272w, https:\/\/campoalto.edu.py\/sitio\/wp-content\/uploads\/2025\/03\/2-640x705.jpg 640w\" sizes=\"auto, (max-width: 653px) 100vw, 653px\" \/><\/figure>\n<\/div>\n\n<div class=\"wp-block-image\">\n<figure class=\"aligncenter size-full is-resized\"><img loading=\"lazy\" decoding=\"async\" width=\"713\" height=\"798\" src=\"https:\/\/campoalto.edu.py\/sitio\/wp-content\/uploads\/2025\/03\/3.jpg\" alt=\"\" class=\"wp-image-4727\" style=\"width:349px;height:auto\" srcset=\"https:\/\/campoalto.edu.py\/sitio\/wp-content\/uploads\/2025\/03\/3.jpg 713w, https:\/\/campoalto.edu.py\/sitio\/wp-content\/uploads\/2025\/03\/3-268x300.jpg 268w, https:\/\/campoalto.edu.py\/sitio\/wp-content\/uploads\/2025\/03\/3-630x705.jpg 630w\" sizes=\"auto, (max-width: 713px) 100vw, 713px\" \/><\/figure>\n<\/div>\n\n<div class=\"wp-block-image\">\n<figure class=\"aligncenter size-large is-resized\"><img loading=\"lazy\" decoding=\"async\" width=\"744\" height=\"1030\" src=\"https:\/\/campoalto.edu.py\/sitio\/wp-content\/uploads\/2025\/03\/4-744x1030.jpg\" alt=\"\" class=\"wp-image-4728\" style=\"width:351px;height:auto\" srcset=\"https:\/\/campoalto.edu.py\/sitio\/wp-content\/uploads\/2025\/03\/4-744x1030.jpg 744w, https:\/\/campoalto.edu.py\/sitio\/wp-content\/uploads\/2025\/03\/4-217x300.jpg 217w, https:\/\/campoalto.edu.py\/sitio\/wp-content\/uploads\/2025\/03\/4-768x1063.jpg 768w, https:\/\/campoalto.edu.py\/sitio\/wp-content\/uploads\/2025\/03\/4-1110x1536.jpg 1110w, https:\/\/campoalto.edu.py\/sitio\/wp-content\/uploads\/2025\/03\/4-1084x1500.jpg 1084w, https:\/\/campoalto.edu.py\/sitio\/wp-content\/uploads\/2025\/03\/4-510x705.jpg 510w, https:\/\/campoalto.edu.py\/sitio\/wp-content\/uploads\/2025\/03\/4.jpg 1233w\" sizes=\"auto, (max-width: 744px) 100vw, 744px\" \/><\/figure>\n<\/div>\n\n\n<p><\/p>\n","protected":false},"excerpt":{"rendered":"<p>En esta nota te contamos la historia de Alejandro Pizza, alumno de primer a\u00f1o, quien cada d\u00eda llega al Colegio de una manera muy particular: en bicicleta. S\u00ed, le\u00edste bien, usa su bicicleta como medio de transporte diario. \u201cAl principio ven\u00eda en bus, pero poco a poco quise ganar independencia y no depender siempre de [&hellip;]<\/p>\n","protected":false},"author":1,"featured_media":4730,"comment_status":"closed","ping_status":"closed","sticky":false,"template":"","format":"standard","meta":{"footnotes":""},"categories":[1],"tags":[],"class_list":["post-4723","post","type-post","status-publish","format-standard","has-post-thumbnail","hentry","category-colegio"],"_links":{"self":[{"href":"https:\/\/campoalto.edu.py\/sitio\/wp-json\/wp\/v2\/posts\/4723","targetHints":{"allow":["GET"]}}],"collection":[{"href":"https:\/\/campoalto.edu.py\/sitio\/wp-json\/wp\/v2\/posts"}],"about":[{"href":"https:\/\/campoalto.edu.py\/sitio\/wp-json\/wp\/v2\/types\/post"}],"author":[{"embeddable":true,"href":"https:\/\/campoalto.edu.py\/sitio\/wp-json\/wp\/v2\/users\/1"}],"replies":[{"embeddable":true,"href":"https:\/\/campoalto.edu.py\/sitio\/wp-json\/wp\/v2\/comments?post=4723"}],"version-history":[{"count":5,"href":"https:\/\/campoalto.edu.py\/sitio\/wp-json\/wp\/v2\/posts\/4723\/revisions"}],"predecessor-version":[{"id":4735,"href":"https:\/\/campoalto.edu.py\/sitio\/wp-json\/wp\/v2\/posts\/4723\/revisions\/4735"}],"wp:featuredmedia":[{"embeddable":true,"href":"https:\/\/campoalto.edu.py\/sitio\/wp-json\/wp\/v2\/media\/4730"}],"wp:attachment":[{"href":"https:\/\/campoalto.edu.py\/sitio\/wp-json\/wp\/v2\/media?parent=4723"}],"wp:term":[{"taxonomy":"category","embeddable":true,"href":"https:\/\/campoalto.edu.py\/sitio\/wp-json\/wp\/v2\/categories?post=4723"},{"taxonomy":"post_tag","embeddable":true,"href":"https:\/\/campoalto.edu.py\/sitio\/wp-json\/wp\/v2\/tags?post=4723"}],"curies":[{"name":"wp","href":"https:\/\/api.w.org\/{rel}","templated":true}]}}